{"id":1679,"date":"2025-02-04T03:38:03","date_gmt":"2025-02-04T02:38:03","guid":{"rendered":"https:\/\/www.novalair.lu\/?p=1679"},"modified":"2024-12-14T03:41:41","modified_gmt":"2024-12-14T02:41:41","slug":"un-souffle-frais-sur-la-qualite-de-lair-interieur-au-luxembourg","status":"publish","type":"post","link":"https:\/\/www.novalair.lu\/index.php\/2025\/02\/04\/un-souffle-frais-sur-la-qualite-de-lair-interieur-au-luxembourg\/","title":{"rendered":"Un souffle frais sur la qualit\u00e9 de l\u2019air int\u00e9rieur au Luxembourg"},"content":{"rendered":"<div class=\"art-cartouche\">\n<div class=\"art-titre\">\n<div class=\"art-chapo\">\n<p>La LIAVA &#8211; Luxembourg Indoor Air and Ventilation Association &#8211; a \u00e9t\u00e9 lanc\u00e9e le jour de la Journ\u00e9e nationale de la qualit\u00e9 de l\u2019air en France et du World Standards Day, qui met en avant l\u2019importance des normes, notamment dans ce domaine. Elle s\u2019engage pour une meilleure qualit\u00e9 de l\u2019air int\u00e9rieur.<\/p>\n<\/div>\n<div class=\"art-texte\">\n<p>\u00ab\u00a0Nous nous attacherons \u00e0 informer, promouvoir des solutions de ventilation efficaces et \u00e0 collaborer avec les professionnels et les autorit\u00e9s pour \u00e9tablir des standards de qualit\u00e9 indispensables. Nous souhaitons rassembler et mobiliser tous les acteurs du secteur (scientifiques, architectes, bureaux d\u2019\u00e9tudes, fabricants, installateurs et institutions\u2026) autour d\u2019un objectif commun\u00a0: garantir un air int\u00e9rieur de qualit\u00e9 \u00e0 tous. Les liens entre la sant\u00e9 et certains ph\u00e9nom\u00e8nes qui se produisent dans nos b\u00e2timents lorsque la circulation de l\u2019air est d\u00e9faillante sont encore trop sous-estim\u00e9s. Un air de mauvaise qualit\u00e9, un d\u00e9bit d\u2019air frais insuffisant\u2026 entra\u00eenent des g\u00eanes plus ou moins importantes et peuvent avoir des impacts significatifs sur la sant\u00e9\u2026\u00a0\u00bb, explique le tr\u00e9sorier de l\u2019association, Tony Russo.<\/p>\n<p>L\u2019association, n\u00e9e d\u2019un groupe de travail regroupant des experts du secteur de la construction, souhaite couvrir l\u2019ensemble du cycle de vie du b\u00e2timent pour solutionner cette probl\u00e9matique complexe et multifacette qu\u2019est la qualit\u00e9 de l\u2019air int\u00e9rieur, comme le pr\u00e9cise Arnaud Etur, un des membres fondateurs de l\u2019association\u00a0: \u00ab\u00a0L\u2019utilisation des b\u00e2timents et leur environnement direct \u00e9voluent tout au long de leur cycle de vie et cet aspect est encore trop souvent n\u00e9glig\u00e9. C\u2019est pourquoi l\u2019association veut par exemple sensibiliser \u00e0 la n\u00e9cessit\u00e9 de conduire r\u00e9guli\u00e8rement des mesures de la qualit\u00e9 de l\u2019air afin de pouvoir apporter des solutions et conseils aux occupants pour que ceux-ci puissent entreprendre les actions n\u00e9cessaires au maintien d\u2019une qualit\u00e9 d\u2019air optimale et constante dans leurs lieux de vie\u00a0\u00bb.<\/p>\n<p>\u00ab\u00a0Effectivement, en surveillant r\u00e9guli\u00e8rement la qualit\u00e9 de l\u2019air et en identifiant les potentiels polluants pr\u00e9sents (compos\u00e9s organiques volatils, dioxyde de carbone, particules fines\u2026), les gestionnaires de b\u00e2timents peuvent mettre en \u0153uvre des strat\u00e9gies d\u2019am\u00e9lioration, comme l\u2019optimisation de la ventilation ou l\u2019utilisation de mat\u00e9riaux moins polluants. Ces d\u00e9marches contribuent non seulement \u00e0 la sant\u00e9 et au bien-\u00eatre des usagers, mais aussi \u00e0 la durabilit\u00e9 et \u00e0 l\u2019efficacit\u00e9 \u00e9nerg\u00e9tique du b\u00e2timent\u00a0\u00bb, pr\u00e9cise Julien Blaise, vice-pr\u00e9sident de LIAVA.<\/p>\n<p>Bien qu\u2019il reste \u00e0 l\u2019association encore quelques d\u00e9marches administratives \u00e0 finaliser, son lancement est aujourd\u2019hui bien concret. D\u00e8s le d\u00e9but de l\u2019ann\u00e9e, les membres fondateurs et les repr\u00e9sentants de l\u2019association pourront partager tous les d\u00e9tails concernant les conditions d\u2019adh\u00e9sion, le plan d\u2019action et la structure de gouvernance n\u00e9cessaire. Nul doute que beaucoup de professionnels rejoindrons donc prochainement cette aventure passionnante\u00a0!<\/p>\n<p><strong>M\u00e9lanie Tr\u00e9lat, avec Marie-Astrid Heyde<\/strong><br class=\"autobr\" \/><i>Photo\u00a0: Fanny Krackenberger<\/i><\/p>\n<hr class=\"spip\" \/>\n<p>Membres\u00a0: Gilles Christnach (Pr\u00e9sident) | James Wolff, bureau d\u2019\u00e9tudes ACTIF | Arnaud Etur, bureau d\u2019\u00e9tudes A2L Environnement | Franck Doron, bureau d\u2019\u00e9tudes Betic, part of Sweco | Christophe Delattre (Secr\u00e9taire) et Jan Deklerck, soci\u00e9t\u00e9 DUCO | Fr\u00e9d\u00e9ric Li\u00e9geois, Infogreen| Julien Blaise (Vice-Pr\u00e9sident), Laboratoire Luxembourgeois de Contr\u00f4le Sanitaire | Tony Russo (Tr\u00e9sorier), soci\u00e9t\u00e9 NOVALAIR | St\u00e9phane Napoli, soci\u00e9t\u00e9 RECKINGER.<\/p>\n<p>Article paru dans Neomag#67 &#8211; d\u00e9cembre 2024<\/p>\n<\/div>\n<\/div>\n<\/div>\n","protected":false},"excerpt":{"rendered":"<p>La LIAVA &#8211; Luxembourg Indoor Air and Ventilation Association &#8211; a \u00e9t\u00e9 lanc\u00e9e le jour de la Journ\u00e9e nationale de&#8230;<\/p>\n","protected":false},"author":1,"featured_media":1548,"comment_status":"open","ping_status":"open","sticky":false,"template":"","format":"standard","meta":{"om_disable_all_campaigns":false,"_monsterinsights_skip_tracking":false,"_monsterinsights_sitenote_active":false,"_monsterinsights_sitenote_note":"","_monsterinsights_sitenote_category":0,"_uf_show_specific_survey":0,"_uf_disable_surveys":false,"_glsr_average":0,"_glsr_ranking":0,"_glsr_reviews":0,"footnotes":""},"categories":[2],"tags":[],"class_list":["post-1679","post","type-post","status-publish","format-standard","has-post-thumbnail","hentry","category-actualites"],"yoast_head":"<!-- This site is optimized with the Yoast SEO plugin v27.5 - https:\/\/yoast.com\/product\/yoast-seo-wordpress\/ -->\n<title>Un souffle frais sur la qualit\u00e9 de l\u2019air int\u00e9rieur au Luxembourg - Novalair<\/title>\n<meta name=\"description\" content=\"Nous nous attacherons \u00e0 informer, promouvoir des solutions de ventilation efficaces et \u00e0 collaborer pour \u00e9tablir des standards de qualit\u00e9 indispensables.\" \/>\n<meta name=\"robots\" content=\"index, follow, max-snippet:-1, max-image-preview:large, max-video-preview:-1\" \/>\n<link rel=\"canonical\" href=\"https:\/\/www.novalair.lu\/index.php\/2025\/02\/04\/un-souffle-frais-sur-la-qualite-de-lair-interieur-au-luxembourg\/\" \/>\n<meta property=\"og:locale\" content=\"fr_FR\" \/>\n<meta property=\"og:type\" content=\"article\" \/>\n<meta property=\"og:title\" content=\"Un souffle frais sur la qualit\u00e9 de l\u2019air int\u00e9rieur au Luxembourg - Novalair\" \/>\n<meta property=\"og:description\" content=\"Nous nous attacherons \u00e0 informer, promouvoir des solutions de ventilation efficaces et \u00e0 collaborer pour \u00e9tablir des standards de qualit\u00e9 indispensables.\" \/>\n<meta property=\"og:url\" content=\"https:\/\/www.novalair.lu\/index.php\/2025\/02\/04\/un-souffle-frais-sur-la-qualite-de-lair-interieur-au-luxembourg\/\" \/>\n<meta property=\"og:site_name\" content=\"Novalair\" \/>\n<meta property=\"article:published_time\" content=\"2025-02-04T02:38:03+00:00\" \/>\n<meta property=\"og:image\" content=\"https:\/\/www.novalair.lu\/wp-content\/uploads\/2024\/09\/lukas-souza-YoGOSvvk9eg-unsplash-scaled.jpg\" \/>\n\t<meta property=\"og:image:width\" content=\"1707\" \/>\n\t<meta property=\"og:image:height\" content=\"2560\" \/>\n\t<meta property=\"og:image:type\" content=\"image\/jpeg\" \/>\n<meta name=\"author\" content=\"Novalair\" \/>\n<meta name=\"twitter:card\" content=\"summary_large_image\" \/>\n<meta name=\"twitter:label1\" content=\"\u00c9crit par\" \/>\n\t<meta name=\"twitter:data1\" content=\"Novalair\" \/>\n\t<meta name=\"twitter:label2\" content=\"Dur\u00e9e de lecture estim\u00e9e\" \/>\n\t<meta name=\"twitter:data2\" content=\"3 minutes\" \/>\n<script type=\"application\/ld+json\" class=\"yoast-schema-graph\">{\"@context\":\"https:\\\/\\\/schema.org\",\"@graph\":[{\"@type\":\"Article\",\"@id\":\"https:\\\/\\\/www.novalair.lu\\\/index.php\\\/2025\\\/02\\\/04\\\/un-souffle-frais-sur-la-qualite-de-lair-interieur-au-luxembourg\\\/#article\",\"isPartOf\":{\"@id\":\"https:\\\/\\\/www.novalair.lu\\\/index.php\\\/2025\\\/02\\\/04\\\/un-souffle-frais-sur-la-qualite-de-lair-interieur-au-luxembourg\\\/\"},\"author\":{\"name\":\"Novalair\",\"@id\":\"https:\\\/\\\/www.novalair.lu\\\/#\\\/schema\\\/person\\\/50f6542cf4435c224d88b04e5990c1a7\"},\"headline\":\"Un souffle frais sur la qualit\u00e9 de l\u2019air int\u00e9rieur au Luxembourg\",\"datePublished\":\"2025-02-04T02:38:03+00:00\",\"mainEntityOfPage\":{\"@id\":\"https:\\\/\\\/www.novalair.lu\\\/index.php\\\/2025\\\/02\\\/04\\\/un-souffle-frais-sur-la-qualite-de-lair-interieur-au-luxembourg\\\/\"},\"wordCount\":591,\"commentCount\":0,\"publisher\":{\"@id\":\"https:\\\/\\\/www.novalair.lu\\\/#organization\"},\"image\":{\"@id\":\"https:\\\/\\\/www.novalair.lu\\\/index.php\\\/2025\\\/02\\\/04\\\/un-souffle-frais-sur-la-qualite-de-lair-interieur-au-luxembourg\\\/#primaryimage\"},\"thumbnailUrl\":\"https:\\\/\\\/www.novalair.lu\\\/wp-content\\\/uploads\\\/2024\\\/09\\\/lukas-souza-YoGOSvvk9eg-unsplash-scaled.jpg\",\"articleSection\":[\"Actualit\u00e9s\"],\"inLanguage\":\"fr-FR\",\"potentialAction\":[{\"@type\":\"CommentAction\",\"name\":\"Comment\",\"target\":[\"https:\\\/\\\/www.novalair.lu\\\/index.php\\\/2025\\\/02\\\/04\\\/un-souffle-frais-sur-la-qualite-de-lair-interieur-au-luxembourg\\\/#respond\"]}]},{\"@type\":\"WebPage\",\"@id\":\"https:\\\/\\\/www.novalair.lu\\\/index.php\\\/2025\\\/02\\\/04\\\/un-souffle-frais-sur-la-qualite-de-lair-interieur-au-luxembourg\\\/\",\"url\":\"https:\\\/\\\/www.novalair.lu\\\/index.php\\\/2025\\\/02\\\/04\\\/un-souffle-frais-sur-la-qualite-de-lair-interieur-au-luxembourg\\\/\",\"name\":\"Un souffle frais sur la qualit\u00e9 de l\u2019air int\u00e9rieur au Luxembourg - Novalair\",\"isPartOf\":{\"@id\":\"https:\\\/\\\/www.novalair.lu\\\/#website\"},\"primaryImageOfPage\":{\"@id\":\"https:\\\/\\\/www.novalair.lu\\\/index.php\\\/2025\\\/02\\\/04\\\/un-souffle-frais-sur-la-qualite-de-lair-interieur-au-luxembourg\\\/#primaryimage\"},\"image\":{\"@id\":\"https:\\\/\\\/www.novalair.lu\\\/index.php\\\/2025\\\/02\\\/04\\\/un-souffle-frais-sur-la-qualite-de-lair-interieur-au-luxembourg\\\/#primaryimage\"},\"thumbnailUrl\":\"https:\\\/\\\/www.novalair.lu\\\/wp-content\\\/uploads\\\/2024\\\/09\\\/lukas-souza-YoGOSvvk9eg-unsplash-scaled.jpg\",\"datePublished\":\"2025-02-04T02:38:03+00:00\",\"description\":\"Nous nous attacherons \u00e0 informer, promouvoir des solutions de ventilation efficaces et \u00e0 collaborer pour \u00e9tablir des standards de qualit\u00e9 indispensables.\",\"breadcrumb\":{\"@id\":\"https:\\\/\\\/www.novalair.lu\\\/index.php\\\/2025\\\/02\\\/04\\\/un-souffle-frais-sur-la-qualite-de-lair-interieur-au-luxembourg\\\/#breadcrumb\"},\"inLanguage\":\"fr-FR\",\"potentialAction\":[{\"@type\":\"ReadAction\",\"target\":[\"https:\\\/\\\/www.novalair.lu\\\/index.php\\\/2025\\\/02\\\/04\\\/un-souffle-frais-sur-la-qualite-de-lair-interieur-au-luxembourg\\\/\"]}]},{\"@type\":\"ImageObject\",\"inLanguage\":\"fr-FR\",\"@id\":\"https:\\\/\\\/www.novalair.lu\\\/index.php\\\/2025\\\/02\\\/04\\\/un-souffle-frais-sur-la-qualite-de-lair-interieur-au-luxembourg\\\/#primaryimage\",\"url\":\"https:\\\/\\\/www.novalair.lu\\\/wp-content\\\/uploads\\\/2024\\\/09\\\/lukas-souza-YoGOSvvk9eg-unsplash-scaled.jpg\",\"contentUrl\":\"https:\\\/\\\/www.novalair.lu\\\/wp-content\\\/uploads\\\/2024\\\/09\\\/lukas-souza-YoGOSvvk9eg-unsplash-scaled.jpg\",\"width\":1707,\"height\":2560},{\"@type\":\"BreadcrumbList\",\"@id\":\"https:\\\/\\\/www.novalair.lu\\\/index.php\\\/2025\\\/02\\\/04\\\/un-souffle-frais-sur-la-qualite-de-lair-interieur-au-luxembourg\\\/#breadcrumb\",\"itemListElement\":[{\"@type\":\"ListItem\",\"position\":1,\"name\":\"Accueil\",\"item\":\"https:\\\/\\\/www.novalair.lu\\\/\"},{\"@type\":\"ListItem\",\"position\":2,\"name\":\"Un souffle frais sur la qualit\u00e9 de l\u2019air int\u00e9rieur au Luxembourg\"}]},{\"@type\":\"WebSite\",\"@id\":\"https:\\\/\\\/www.novalair.lu\\\/#website\",\"url\":\"https:\\\/\\\/www.novalair.lu\\\/\",\"name\":\"Novalair\",\"description\":\"L&#039;excellence au service de l&#039;eau et de l&#039;air\",\"publisher\":{\"@id\":\"https:\\\/\\\/www.novalair.lu\\\/#organization\"},\"potentialAction\":[{\"@type\":\"SearchAction\",\"target\":{\"@type\":\"EntryPoint\",\"urlTemplate\":\"https:\\\/\\\/www.novalair.lu\\\/?s={search_term_string}\"},\"query-input\":{\"@type\":\"PropertyValueSpecification\",\"valueRequired\":true,\"valueName\":\"search_term_string\"}}],\"inLanguage\":\"fr-FR\"},{\"@type\":\"Organization\",\"@id\":\"https:\\\/\\\/www.novalair.lu\\\/#organization\",\"name\":\"Novalair\",\"url\":\"https:\\\/\\\/www.novalair.lu\\\/\",\"logo\":{\"@type\":\"ImageObject\",\"inLanguage\":\"fr-FR\",\"@id\":\"https:\\\/\\\/www.novalair.lu\\\/#\\\/schema\\\/logo\\\/image\\\/\",\"url\":\"https:\\\/\\\/www.novalair.lu\\\/wp-content\\\/uploads\\\/2023\\\/04\\\/cropped-Logo_without_baiseline.png\",\"contentUrl\":\"https:\\\/\\\/www.novalair.lu\\\/wp-content\\\/uploads\\\/2023\\\/04\\\/cropped-Logo_without_baiseline.png\",\"width\":865,\"height\":177,\"caption\":\"Novalair\"},\"image\":{\"@id\":\"https:\\\/\\\/www.novalair.lu\\\/#\\\/schema\\\/logo\\\/image\\\/\"}},{\"@type\":\"Person\",\"@id\":\"https:\\\/\\\/www.novalair.lu\\\/#\\\/schema\\\/person\\\/50f6542cf4435c224d88b04e5990c1a7\",\"name\":\"Novalair\",\"image\":{\"@type\":\"ImageObject\",\"inLanguage\":\"fr-FR\",\"@id\":\"https:\\\/\\\/secure.gravatar.com\\\/avatar\\\/aa71bc92207630ee41733495dfd052c6f53d3540081c00887f385280c0c6f41a?s=96&d=mm&r=g\",\"url\":\"https:\\\/\\\/secure.gravatar.com\\\/avatar\\\/aa71bc92207630ee41733495dfd052c6f53d3540081c00887f385280c0c6f41a?s=96&d=mm&r=g\",\"contentUrl\":\"https:\\\/\\\/secure.gravatar.com\\\/avatar\\\/aa71bc92207630ee41733495dfd052c6f53d3540081c00887f385280c0c6f41a?s=96&d=mm&r=g\",\"caption\":\"Novalair\"},\"sameAs\":[\"http:\\\/\\\/www.novalair.lu\"],\"url\":\"https:\\\/\\\/www.novalair.lu\\\/index.php\\\/author\\\/admin1225\\\/\"}]}<\/script>\n<!-- \/ Yoast SEO plugin. -->","yoast_head_json":{"title":"Un souffle frais sur la qualit\u00e9 de l\u2019air int\u00e9rieur au Luxembourg - Novalair","description":"Nous nous attacherons \u00e0 informer, promouvoir des solutions de ventilation efficaces et \u00e0 collaborer pour \u00e9tablir des standards de qualit\u00e9 indispensables.","robots":{"index":"index","follow":"follow","max-snippet":"max-snippet:-1","max-image-preview":"max-image-preview:large","max-video-preview":"max-video-preview:-1"},"canonical":"https:\/\/www.novalair.lu\/index.php\/2025\/02\/04\/un-souffle-frais-sur-la-qualite-de-lair-interieur-au-luxembourg\/","og_locale":"fr_FR","og_type":"article","og_title":"Un souffle frais sur la qualit\u00e9 de l\u2019air int\u00e9rieur au Luxembourg - Novalair","og_description":"Nous nous attacherons \u00e0 informer, promouvoir des solutions de ventilation efficaces et \u00e0 collaborer pour \u00e9tablir des standards de qualit\u00e9 indispensables.","og_url":"https:\/\/www.novalair.lu\/index.php\/2025\/02\/04\/un-souffle-frais-sur-la-qualite-de-lair-interieur-au-luxembourg\/","og_site_name":"Novalair","article_published_time":"2025-02-04T02:38:03+00:00","og_image":[{"width":1707,"height":2560,"url":"https:\/\/www.novalair.lu\/wp-content\/uploads\/2024\/09\/lukas-souza-YoGOSvvk9eg-unsplash-scaled.jpg","type":"image\/jpeg"}],"author":"Novalair","twitter_card":"summary_large_image","twitter_misc":{"\u00c9crit par":"Novalair","Dur\u00e9e de lecture estim\u00e9e":"3 minutes"},"schema":{"@context":"https:\/\/schema.org","@graph":[{"@type":"Article","@id":"https:\/\/www.novalair.lu\/index.php\/2025\/02\/04\/un-souffle-frais-sur-la-qualite-de-lair-interieur-au-luxembourg\/#article","isPartOf":{"@id":"https:\/\/www.novalair.lu\/index.php\/2025\/02\/04\/un-souffle-frais-sur-la-qualite-de-lair-interieur-au-luxembourg\/"},"author":{"name":"Novalair","@id":"https:\/\/www.novalair.lu\/#\/schema\/person\/50f6542cf4435c224d88b04e5990c1a7"},"headline":"Un souffle frais sur la qualit\u00e9 de l\u2019air int\u00e9rieur au Luxembourg","datePublished":"2025-02-04T02:38:03+00:00","mainEntityOfPage":{"@id":"https:\/\/www.novalair.lu\/index.php\/2025\/02\/04\/un-souffle-frais-sur-la-qualite-de-lair-interieur-au-luxembourg\/"},"wordCount":591,"commentCount":0,"publisher":{"@id":"https:\/\/www.novalair.lu\/#organization"},"image":{"@id":"https:\/\/www.novalair.lu\/index.php\/2025\/02\/04\/un-souffle-frais-sur-la-qualite-de-lair-interieur-au-luxembourg\/#primaryimage"},"thumbnailUrl":"https:\/\/www.novalair.lu\/wp-content\/uploads\/2024\/09\/lukas-souza-YoGOSvvk9eg-unsplash-scaled.jpg","articleSection":["Actualit\u00e9s"],"inLanguage":"fr-FR","potentialAction":[{"@type":"CommentAction","name":"Comment","target":["https:\/\/www.novalair.lu\/index.php\/2025\/02\/04\/un-souffle-frais-sur-la-qualite-de-lair-interieur-au-luxembourg\/#respond"]}]},{"@type":"WebPage","@id":"https:\/\/www.novalair.lu\/index.php\/2025\/02\/04\/un-souffle-frais-sur-la-qualite-de-lair-interieur-au-luxembourg\/","url":"https:\/\/www.novalair.lu\/index.php\/2025\/02\/04\/un-souffle-frais-sur-la-qualite-de-lair-interieur-au-luxembourg\/","name":"Un souffle frais sur la qualit\u00e9 de l\u2019air int\u00e9rieur au Luxembourg - Novalair","isPartOf":{"@id":"https:\/\/www.novalair.lu\/#website"},"primaryImageOfPage":{"@id":"https:\/\/www.novalair.lu\/index.php\/2025\/02\/04\/un-souffle-frais-sur-la-qualite-de-lair-interieur-au-luxembourg\/#primaryimage"},"image":{"@id":"https:\/\/www.novalair.lu\/index.php\/2025\/02\/04\/un-souffle-frais-sur-la-qualite-de-lair-interieur-au-luxembourg\/#primaryimage"},"thumbnailUrl":"https:\/\/www.novalair.lu\/wp-content\/uploads\/2024\/09\/lukas-souza-YoGOSvvk9eg-unsplash-scaled.jpg","datePublished":"2025-02-04T02:38:03+00:00","description":"Nous nous attacherons \u00e0 informer, promouvoir des solutions de ventilation efficaces et \u00e0 collaborer pour \u00e9tablir des standards de qualit\u00e9 indispensables.","breadcrumb":{"@id":"https:\/\/www.novalair.lu\/index.php\/2025\/02\/04\/un-souffle-frais-sur-la-qualite-de-lair-interieur-au-luxembourg\/#breadcrumb"},"inLanguage":"fr-FR","potentialAction":[{"@type":"ReadAction","target":["https:\/\/www.novalair.lu\/index.php\/2025\/02\/04\/un-souffle-frais-sur-la-qualite-de-lair-interieur-au-luxembourg\/"]}]},{"@type":"ImageObject","inLanguage":"fr-FR","@id":"https:\/\/www.novalair.lu\/index.php\/2025\/02\/04\/un-souffle-frais-sur-la-qualite-de-lair-interieur-au-luxembourg\/#primaryimage","url":"https:\/\/www.novalair.lu\/wp-content\/uploads\/2024\/09\/lukas-souza-YoGOSvvk9eg-unsplash-scaled.jpg","contentUrl":"https:\/\/www.novalair.lu\/wp-content\/uploads\/2024\/09\/lukas-souza-YoGOSvvk9eg-unsplash-scaled.jpg","width":1707,"height":2560},{"@type":"BreadcrumbList","@id":"https:\/\/www.novalair.lu\/index.php\/2025\/02\/04\/un-souffle-frais-sur-la-qualite-de-lair-interieur-au-luxembourg\/#breadcrumb","itemListElement":[{"@type":"ListItem","position":1,"name":"Accueil","item":"https:\/\/www.novalair.lu\/"},{"@type":"ListItem","position":2,"name":"Un souffle frais sur la qualit\u00e9 de l\u2019air int\u00e9rieur au Luxembourg"}]},{"@type":"WebSite","@id":"https:\/\/www.novalair.lu\/#website","url":"https:\/\/www.novalair.lu\/","name":"Novalair","description":"L&#039;excellence au service de l&#039;eau et de l&#039;air","publisher":{"@id":"https:\/\/www.novalair.lu\/#organization"},"potentialAction":[{"@type":"SearchAction","target":{"@type":"EntryPoint","urlTemplate":"https:\/\/www.novalair.lu\/?s={search_term_string}"},"query-input":{"@type":"PropertyValueSpecification","valueRequired":true,"valueName":"search_term_string"}}],"inLanguage":"fr-FR"},{"@type":"Organization","@id":"https:\/\/www.novalair.lu\/#organization","name":"Novalair","url":"https:\/\/www.novalair.lu\/","logo":{"@type":"ImageObject","inLanguage":"fr-FR","@id":"https:\/\/www.novalair.lu\/#\/schema\/logo\/image\/","url":"https:\/\/www.novalair.lu\/wp-content\/uploads\/2023\/04\/cropped-Logo_without_baiseline.png","contentUrl":"https:\/\/www.novalair.lu\/wp-content\/uploads\/2023\/04\/cropped-Logo_without_baiseline.png","width":865,"height":177,"caption":"Novalair"},"image":{"@id":"https:\/\/www.novalair.lu\/#\/schema\/logo\/image\/"}},{"@type":"Person","@id":"https:\/\/www.novalair.lu\/#\/schema\/person\/50f6542cf4435c224d88b04e5990c1a7","name":"Novalair","image":{"@type":"ImageObject","inLanguage":"fr-FR","@id":"https:\/\/secure.gravatar.com\/avatar\/aa71bc92207630ee41733495dfd052c6f53d3540081c00887f385280c0c6f41a?s=96&d=mm&r=g","url":"https:\/\/secure.gravatar.com\/avatar\/aa71bc92207630ee41733495dfd052c6f53d3540081c00887f385280c0c6f41a?s=96&d=mm&r=g","contentUrl":"https:\/\/secure.gravatar.com\/avatar\/aa71bc92207630ee41733495dfd052c6f53d3540081c00887f385280c0c6f41a?s=96&d=mm&r=g","caption":"Novalair"},"sameAs":["http:\/\/www.novalair.lu"],"url":"https:\/\/www.novalair.lu\/index.php\/author\/admin1225\/"}]}},"_links":{"self":[{"href":"https:\/\/www.novalair.lu\/index.php\/wp-json\/wp\/v2\/posts\/1679","targetHints":{"allow":["GET"]}}],"collection":[{"href":"https:\/\/www.novalair.lu\/index.php\/wp-json\/wp\/v2\/posts"}],"about":[{"href":"https:\/\/www.novalair.lu\/index.php\/wp-json\/wp\/v2\/types\/post"}],"author":[{"embeddable":true,"href":"https:\/\/www.novalair.lu\/index.php\/wp-json\/wp\/v2\/users\/1"}],"replies":[{"embeddable":true,"href":"https:\/\/www.novalair.lu\/index.php\/wp-json\/wp\/v2\/comments?post=1679"}],"version-history":[{"count":1,"href":"https:\/\/www.novalair.lu\/index.php\/wp-json\/wp\/v2\/posts\/1679\/revisions"}],"predecessor-version":[{"id":1680,"href":"https:\/\/www.novalair.lu\/index.php\/wp-json\/wp\/v2\/posts\/1679\/revisions\/1680"}],"wp:featuredmedia":[{"embeddable":true,"href":"https:\/\/www.novalair.lu\/index.php\/wp-json\/wp\/v2\/media\/1548"}],"wp:attachment":[{"href":"https:\/\/www.novalair.lu\/index.php\/wp-json\/wp\/v2\/media?parent=1679"}],"wp:term":[{"taxonomy":"category","embeddable":true,"href":"https:\/\/www.novalair.lu\/index.php\/wp-json\/wp\/v2\/categories?post=1679"},{"taxonomy":"post_tag","embeddable":true,"href":"https:\/\/www.novalair.lu\/index.php\/wp-json\/wp\/v2\/tags?post=1679"}],"curies":[{"name":"wp","href":"https:\/\/api.w.org\/{rel}","templated":true}]}}